[{"@context":"https:\/\/schema.org\/","@type":"Blog","@id":"https:\/\/www.mfeigl.cz#Blog","headline":"Mfeigl","description":"\nNen\u00ed nic divn\u00e9ho na tom, \u017ee si lid\u00e9 nedok\u00e1\u017eou se v\u0161\u00edm poradit. Ale p\u0159esto tito nejsou ztraceni, aspo\u0148 do doby, dokud existuj\u00ed weby jako je tento.","url":"https:\/\/www.mfeigl.cz","hasPart":[{"@type":"Article","@id":"https:\/\/www.mfeigl.cz\/ubytujte-se-na-pradedu\/","headline":"Ubytujte se na Prad\u011bdu","url":"https:\/\/www.mfeigl.cz\/ubytujte-se-na-pradedu\/","datePublished":"2025-04-29","dateModified":"2025-04-29","mainEntityOfPage":"https:\/\/www.mfeigl.cz\/ubytujte-se-na-pradedu\/","author":{"@type":"Person","@id":"https:\/\/www.mfeigl.cz\/author\/#Person","name":"","url":"https:\/\/www.mfeigl.cz\/author\/","identifier":1,"image":{"@type":"ImageObject","@id":"https:\/\/secure.gravatar.com\/avatar\/4c052e7a73c1efe5fd04a7144e27996a074b623217a764a72d90cb6a084de021?s=96&d=mm&r=g","url":"https:\/\/secure.gravatar.com\/avatar\/4c052e7a73c1efe5fd04a7144e27996a074b623217a764a72d90cb6a084de021?s=96&d=mm&r=g","height":96,"width":96}},"publisher":{"@type":"Organization","name":"mfeigl.cz","logo":{"@type":"ImageObject","@id":"\/logo.png","url":"\/logo.png","width":600,"height":60}},"image":null,"wordCount":234,"keywords":null},{"@type":"Article","@id":"https:\/\/www.mfeigl.cz\/ukazte-ji-ze-vam-na-ni-zalezi-vice-nez-jen-na-holce-kterou-znate-od-detstvi\/","headline":"Uka\u017ete j\u00ed, \u017ee v\u00e1m na n\u00ed z\u00e1le\u017e\u00ed v\u00edce, ne\u017e jen na holce, kterou zn\u00e1te od d\u011btstv\u00ed","url":"https:\/\/www.mfeigl.cz\/ukazte-ji-ze-vam-na-ni-zalezi-vice-nez-jen-na-holce-kterou-znate-od-detstvi\/","datePublished":"2025-04-22","dateModified":"2025-04-22","mainEntityOfPage":"https:\/\/www.mfeigl.cz\/ukazte-ji-ze-vam-na-ni-zalezi-vice-nez-jen-na-holce-kterou-znate-od-detstvi\/","author":{"@type":"Person","@id":"https:\/\/www.mfeigl.cz\/author\/#Person","name":"","url":"https:\/\/www.mfeigl.cz\/author\/","identifier":1,"image":{"@type":"ImageObject","@id":"https:\/\/secure.gravatar.com\/avatar\/4c052e7a73c1efe5fd04a7144e27996a074b623217a764a72d90cb6a084de021?s=96&d=mm&r=g","url":"https:\/\/secure.gravatar.com\/avatar\/4c052e7a73c1efe5fd04a7144e27996a074b623217a764a72d90cb6a084de021?s=96&d=mm&r=g","height":96,"width":96}},"publisher":{"@type":"Organization","name":"mfeigl.cz","logo":{"@type":"ImageObject","@id":"\/logo.png","url":"\/logo.png","width":600,"height":60}},"image":null,"wordCount":212,"keywords":null},{"@type":"Article","@id":"https:\/\/www.mfeigl.cz\/kvalitni-folie\/","headline":"Kvalitn\u00ed f\u00f3lie","url":"https:\/\/www.mfeigl.cz\/kvalitni-folie\/","datePublished":"2025-04-16","dateModified":"2025-04-16","mainEntityOfPage":"https:\/\/www.mfeigl.cz\/kvalitni-folie\/","author":{"@type":"Person","@id":"https:\/\/www.mfeigl.cz\/author\/#Person","name":"","url":"https:\/\/www.mfeigl.cz\/author\/","identifier":1,"image":{"@type":"ImageObject","@id":"https:\/\/secure.gravatar.com\/avatar\/4c052e7a73c1efe5fd04a7144e27996a074b623217a764a72d90cb6a084de021?s=96&d=mm&r=g","url":"https:\/\/secure.gravatar.com\/avatar\/4c052e7a73c1efe5fd04a7144e27996a074b623217a764a72d90cb6a084de021?s=96&d=mm&r=g","height":96,"width":96}},"publisher":{"@type":"Organization","name":"mfeigl.cz","logo":{"@type":"ImageObject","@id":"\/logo.png","url":"\/logo.png","width":600,"height":60}},"image":{"@type":"ImageObject","@id":"https:\/\/www.mfeigl.cz\/wp-content\/uploads\/bubble-wrap-316133_640_10_4.jpg","url":"https:\/\/www.mfeigl.cz\/wp-content\/uploads\/bubble-wrap-316133_640_10_4.jpg","height":0,"width":0},"wordCount":557,"keywords":null},{"@type":"Article","@id":"https:\/\/www.mfeigl.cz\/potisk-nebo-vysivka\/","headline":"Potisk nebo v\u00fd\u0161ivka","url":"https:\/\/www.mfeigl.cz\/potisk-nebo-vysivka\/","datePublished":"2025-04-14","dateModified":"2025-04-14","mainEntityOfPage":"https:\/\/www.mfeigl.cz\/potisk-nebo-vysivka\/","author":{"@type":"Person","@id":"https:\/\/www.mfeigl.cz\/author\/#Person","name":"","url":"https:\/\/www.mfeigl.cz\/author\/","identifier":1,"image":{"@type":"ImageObject","@id":"https:\/\/secure.gravatar.com\/avatar\/4c052e7a73c1efe5fd04a7144e27996a074b623217a764a72d90cb6a084de021?s=96&d=mm&r=g","url":"https:\/\/secure.gravatar.com\/avatar\/4c052e7a73c1efe5fd04a7144e27996a074b623217a764a72d90cb6a084de021?s=96&d=mm&r=g","height":96,"width":96}},"publisher":{"@type":"Organization","name":"mfeigl.cz","logo":{"@type":"ImageObject","@id":"\/logo.png","url":"\/logo.png","width":600,"height":60}},"image":null,"wordCount":219,"keywords":null},{"@type":"Article","@id":"https:\/\/www.mfeigl.cz\/tvorba-webovych-stranek\/","headline":"Tvorba webov\u00fdch str\u00e1nek","url":"https:\/\/www.mfeigl.cz\/tvorba-webovych-stranek\/","datePublished":"2025-04-08","dateModified":"2025-04-08","mainEntityOfPage":"https:\/\/www.mfeigl.cz\/tvorba-webovych-stranek\/","author":{"@type":"Person","@id":"https:\/\/www.mfeigl.cz\/author\/#Person","name":"","url":"https:\/\/www.mfeigl.cz\/author\/","identifier":1,"image":{"@type":"ImageObject","@id":"https:\/\/secure.gravatar.com\/avatar\/4c052e7a73c1efe5fd04a7144e27996a074b623217a764a72d90cb6a084de021?s=96&d=mm&r=g","url":"https:\/\/secure.gravatar.com\/avatar\/4c052e7a73c1efe5fd04a7144e27996a074b623217a764a72d90cb6a084de021?s=96&d=mm&r=g","height":96,"width":96}},"publisher":{"@type":"Organization","name":"mfeigl.cz","logo":{"@type":"ImageObject","@id":"\/logo.png","url":"\/logo.png","width":600,"height":60}},"image":null,"wordCount":197,"keywords":null},{"@type":"Article","@id":"https:\/\/www.mfeigl.cz\/nyni-nemusite-do-rekonstrukce-sami\/","headline":"Nyn\u00ed nemus\u00edte do rekonstrukce sami","url":"https:\/\/www.mfeigl.cz\/nyni-nemusite-do-rekonstrukce-sami\/","datePublished":"2025-03-30","dateModified":"2025-03-30","mainEntityOfPage":"https:\/\/www.mfeigl.cz\/nyni-nemusite-do-rekonstrukce-sami\/","author":{"@type":"Person","@id":"https:\/\/www.mfeigl.cz\/author\/#Person","name":"","url":"https:\/\/www.mfeigl.cz\/author\/","identifier":1,"image":{"@type":"ImageObject","@id":"https:\/\/secure.gravatar.com\/avatar\/4c052e7a73c1efe5fd04a7144e27996a074b623217a764a72d90cb6a084de021?s=96&d=mm&r=g","url":"https:\/\/secure.gravatar.com\/avatar\/4c052e7a73c1efe5fd04a7144e27996a074b623217a764a72d90cb6a084de021?s=96&d=mm&r=g","height":96,"width":96}},"publisher":{"@type":"Organization","name":"mfeigl.cz","logo":{"@type":"ImageObject","@id":"\/logo.png","url":"\/logo.png","width":600,"height":60}},"image":null,"wordCount":235,"keywords":null},{"@type":"Article","@id":"https:\/\/www.mfeigl.cz\/zkraslete-svuj-domov-levne-a-stylove\/","headline":"Zkr\u00e1\u0161lete sv\u016fj domov levn\u011b a stylov\u011b","url":"https:\/\/www.mfeigl.cz\/zkraslete-svuj-domov-levne-a-stylove\/","datePublished":"2025-03-21","dateModified":"2025-03-21","mainEntityOfPage":"https:\/\/www.mfeigl.cz\/zkraslete-svuj-domov-levne-a-stylove\/","author":{"@type":"Person","@id":"https:\/\/www.mfeigl.cz\/author\/#Person","name":"","url":"https:\/\/www.mfeigl.cz\/author\/","identifier":1,"image":{"@type":"ImageObject","@id":"https:\/\/secure.gravatar.com\/avatar\/4c052e7a73c1efe5fd04a7144e27996a074b623217a764a72d90cb6a084de021?s=96&d=mm&r=g","url":"https:\/\/secure.gravatar.com\/avatar\/4c052e7a73c1efe5fd04a7144e27996a074b623217a764a72d90cb6a084de021?s=96&d=mm&r=g","height":96,"width":96}},"publisher":{"@type":"Organization","name":"mfeigl.cz","logo":{"@type":"ImageObject","@id":"\/logo.png","url":"\/logo.png","width":600,"height":60}},"image":null,"wordCount":215,"keywords":null},{"@type":"Article","@id":"https:\/\/www.mfeigl.cz\/vite-co-vsechno-se-skryva-pod-pojmem-interierove-osvetleni\/","headline":"V\u00edte, co v\u0161echno se skr\u00fdv\u00e1 pod pojmem \u201einteri\u00e9rov\u00e9 osv\u011btlen\u00ed\u201c?","url":"https:\/\/www.mfeigl.cz\/vite-co-vsechno-se-skryva-pod-pojmem-interierove-osvetleni\/","datePublished":"2025-03-20","dateModified":"2025-03-20","mainEntityOfPage":"https:\/\/www.mfeigl.cz\/vite-co-vsechno-se-skryva-pod-pojmem-interierove-osvetleni\/","author":{"@type":"Person","@id":"https:\/\/www.mfeigl.cz\/author\/#Person","name":"","url":"https:\/\/www.mfeigl.cz\/author\/","identifier":1,"image":{"@type":"ImageObject","@id":"https:\/\/secure.gravatar.com\/avatar\/4c052e7a73c1efe5fd04a7144e27996a074b623217a764a72d90cb6a084de021?s=96&d=mm&r=g","url":"https:\/\/secure.gravatar.com\/avatar\/4c052e7a73c1efe5fd04a7144e27996a074b623217a764a72d90cb6a084de021?s=96&d=mm&r=g","height":96,"width":96}},"publisher":{"@type":"Organization","name":"mfeigl.cz","logo":{"@type":"ImageObject","@id":"\/logo.png","url":"\/logo.png","width":600,"height":60}},"image":null,"wordCount":658,"keywords":null},{"@type":"Article","@id":"https:\/\/www.mfeigl.cz\/tipy-a-triky-pri-stehovani\/","headline":"Tipy a triky p\u0159i st\u011bhov\u00e1n\u00ed","url":"https:\/\/www.mfeigl.cz\/tipy-a-triky-pri-stehovani\/","datePublished":"2025-03-17","dateModified":"2025-03-17","mainEntityOfPage":"https:\/\/www.mfeigl.cz\/tipy-a-triky-pri-stehovani\/","author":{"@type":"Person","@id":"https:\/\/www.mfeigl.cz\/author\/#Person","name":"","url":"https:\/\/www.mfeigl.cz\/author\/","identifier":1,"image":{"@type":"ImageObject","@id":"https:\/\/secure.gravatar.com\/avatar\/4c052e7a73c1efe5fd04a7144e27996a074b623217a764a72d90cb6a084de021?s=96&d=mm&r=g","url":"https:\/\/secure.gravatar.com\/avatar\/4c052e7a73c1efe5fd04a7144e27996a074b623217a764a72d90cb6a084de021?s=96&d=mm&r=g","height":96,"width":96}},"publisher":{"@type":"Organization","name":"mfeigl.cz","logo":{"@type":"ImageObject","@id":"\/logo.png","url":"\/logo.png","width":600,"height":60}},"image":{"@type":"ImageObject","@id":"https:\/\/www.mfeigl.cz\/wp-content\/uploads\/img_a328453_w2753_t1540725148.png","url":"https:\/\/www.mfeigl.cz\/wp-content\/uploads\/img_a328453_w2753_t1540725148.png","height":0,"width":0},"wordCount":560,"keywords":null},{"@type":"Article","@id":"https:\/\/www.mfeigl.cz\/vyberte-si-z-mnoha-hernich-zanru\/","headline":"Vyberte si z mnoha hern\u00edch \u017e\u00e1nr\u016f","url":"https:\/\/www.mfeigl.cz\/vyberte-si-z-mnoha-hernich-zanru\/","datePublished":"2025-03-16","dateModified":"2025-03-16","mainEntityOfPage":"https:\/\/www.mfeigl.cz\/vyberte-si-z-mnoha-hernich-zanru\/","author":{"@type":"Person","@id":"https:\/\/www.mfeigl.cz\/author\/#Person","name":"","url":"https:\/\/www.mfeigl.cz\/author\/","identifier":1,"image":{"@type":"ImageObject","@id":"https:\/\/secure.gravatar.com\/avatar\/4c052e7a73c1efe5fd04a7144e27996a074b623217a764a72d90cb6a084de021?s=96&d=mm&r=g","url":"https:\/\/secure.gravatar.com\/avatar\/4c052e7a73c1efe5fd04a7144e27996a074b623217a764a72d90cb6a084de021?s=96&d=mm&r=g","height":96,"width":96}},"publisher":{"@type":"Organization","name":"mfeigl.cz","logo":{"@type":"ImageObject","@id":"\/logo.png","url":"\/logo.png","width":600,"height":60}},"image":null,"wordCount":230,"keywords":null}]},{"@context":"https:\/\/schema.org","@type":"WebSite","@id":"https:\/\/www.mfeigl.cz\/#website","name":"Mfeigl","url":"https:\/\/www.mfeigl.cz","potentialAction":{"@type":"SearchAction","target":"https:\/\/www.mfeigl.cz\/?s={search_term_string}","query-input":"required name=search_term_string"}}]