[{"@context":"https:\/\/schema.org\/","@type":"Article","@id":"https:\/\/www.mfeigl.cz\/auta-pro-vas\/#Article","mainEntityOfPage":"https:\/\/www.mfeigl.cz\/auta-pro-vas\/","headline":"Auta pro v\u00e1s","name":"Auta pro v\u00e1s","description":"Bydl\u00edm v Praze u\u017e opravdu hodn\u011b dlouho a jestli se mi nikdy nestalo, \u017ee bych pot\u0159ebovala do t\u00e9to doby si p\u016fj\u010dit auto v n\u011bjak\u00e9 autop\u016fj\u010dovn\u011b v Praze. Proto\u017ee m\u00e1m sv\u00e9 auto, kter\u00e9 m\u00e1m opravdu hodn\u011b r\u00e1da a na kter\u00e9 jsem se tak\u00e9 \u0161et\u0159ila opravdu hodn\u011b dlouho, proto\u017ee m\u00e1m r\u00e1da auta a cht\u011bla jsem m\u00edt n\u011bkter\u00e9 kvalitn\u00ed. Jenom\u017ee jak u\u017e to tak b\u00fdv\u00e1, tak kdy\u017e si \u010dlov\u011bk n\u011bco usmysl\u00ed, nemus\u00ed b\u00fdt v\u017edy podle jeho p\u0159edstav. Proto jsem si \u0159ekla, \u017ee asi nejlep\u0161\u00ed by bylo, kdybych se tak\u00e9 s partnerem poradila o tom, jak\u00e9 auto si vlastn\u011b po\u0159\u00edd\u00edme. M\u016fj partner u\u017e tak\u00e9","datePublished":"2023-08-27","dateModified":"2023-09-27","author":{"@type":"Person","@id":"https:\/\/www.mfeigl.cz\/author\/#Person","name":"","url":"https:\/\/www.mfeigl.cz\/author\/","identifier":1,"image":{"@type":"ImageObject","@id":"https:\/\/secure.gravatar.com\/avatar\/4c052e7a73c1efe5fd04a7144e27996a074b623217a764a72d90cb6a084de021?s=96&d=mm&r=g","url":"https:\/\/secure.gravatar.com\/avatar\/4c052e7a73c1efe5fd04a7144e27996a074b623217a764a72d90cb6a084de021?s=96&d=mm&r=g","height":96,"width":96}},"publisher":{"@type":"Organization","name":"mfeigl.cz","logo":{"@type":"ImageObject","@id":"\/logo.png","url":"\/logo.png","width":600,"height":60}},"image":{"@type":"ImageObject","@id":"https:\/\/www.mfeigl.cz\/wp-content\/uploads\/road-6654573_1280_1.jpg","url":"https:\/\/www.mfeigl.cz\/wp-content\/uploads\/road-6654573_1280_1.jpg","height":0,"width":0},"url":"https:\/\/www.mfeigl.cz\/auta-pro-vas\/","about":["Podnik\u00e1n\u00ed"],"wordCount":463,"articleBody":"   Bydl\u00edm v Praze u\u017e opravdu hodn\u011b dlouho a jestli se mi nikdy nestalo, \u017ee bych pot\u0159ebovala do t\u00e9to doby si p\u016fj\u010dit auto v n\u011bjak\u00e9 autop\u016fj\u010dovn\u011b v Praze. Proto\u017ee m\u00e1m sv\u00e9 auto, kter\u00e9 m\u00e1m opravdu hodn\u011b r\u00e1da a na kter\u00e9 jsem se tak\u00e9 \u0161et\u0159ila opravdu hodn\u011b dlouho, proto\u017ee m\u00e1m r\u00e1da auta a cht\u011bla jsem m\u00edt n\u011bkter\u00e9 kvalitn\u00ed. Jenom\u017ee jak u\u017e to tak b\u00fdv\u00e1, tak kdy\u017e si \u010dlov\u011bk n\u011bco usmysl\u00ed, nemus\u00ed b\u00fdt v\u017edy podle jeho p\u0159edstav. Proto jsem si \u0159ekla, \u017ee asi nejlep\u0161\u00ed by bylo, kdybych se tak\u00e9 s partnerem poradila o tom, jak\u00e9 auto si vlastn\u011b po\u0159\u00edd\u00edme. M\u016fj partner u\u017e tak\u00e9 za\u010dal uva\u017eovat nad t\u00edm, \u017ee bychom si po\u0159\u00eddili auto n\u011bjak\u00e9ho hybrida a nebo na elekt\u0159inu, ale j\u00e1 jsem byla sp\u00ed\u0161e zvykl\u00e1 jenom na benz\u00edn.Jenom\u017ee jak u\u017e to tak partner \u0159ekl, tak u\u017e to bylo. Tak\u017ee sbohem benzine! Proto u\u017e m\u011bl po\u0159\u00edzen\u00e9 kr\u00e1sn\u00e9 elektroauto a j\u00e1 jsem si \u0159ekla, \u017ee ne\u017e se s t\u00edm nau\u010d\u00edm jezdit, \u017ee to bude asi n\u011bco moc slo\u017eit\u00e9ho. Sv\u00e9 auto, co jsem cht\u011bla, u\u017e jsme m\u00edt nemohla. A proto, kdy\u017e partner st\u00e1le jezdil autem a j\u00e1 jsem tak\u00e9 n\u011bkam cht\u011bla jet a nemohla jsem se sm\u00ed\u0159it s t\u00edm, \u017ee m\u00e1me elektronick\u00e9 auto, tak jsem vyu\u017e\u00edvala hojn\u011b tak\u00e9 autop\u016fj\u010dovnu v Praze. Abych se p\u0159iznala, tak opravdu jsem ji do t\u00e9 doby nepou\u017eila, dokud jsme m\u011bli je\u0161t\u011b auto na benz\u00edn. Sice jsem tak\u00e9 do budoucna cht\u011bla m\u00edt elektrick\u00e9 auto, ale st\u00e1le jsem si n\u011bjak extra nemohla zvyknout na to, \u017ee vlastn\u011b budeme m\u00edt elektrick\u00e9 auto a ne u\u017e benzinov\u00e9.Tak\u017ee rad\u011bji jsem si \u0159ekla, \u017ee kdy\u017e budu pot\u0159ebovat nutn\u011b n\u011bkam jet a necht\u011bla bych si br\u00e1t tax\u00edka, \u017ee si p\u016fj\u010d\u00edm jednodu\u0161e auto v autop\u016fj\u010dovn\u011b v Praze. V\u017edy\u0165 na tom nen\u00ed nic slo\u017eit\u00e9ho. Zn\u00e1m jednu autop\u016fj\u010dovnu v Praze, kterou m\u00e1m velice obl\u00edbenou, proto\u017ee jsem si u\u017e od n\u00ed p\u016fj\u010dovala dvakr\u00e1t a mus\u00edm uznat, \u017ee jsou tam sam\u00ed profesion\u00e1lov\u00e9 a moc dob\u0159e to s auty um\u00ed. Budete k p\u016fj\u010den\u00ed pot\u0159ebovat v\u00e1\u0161 \u0159idi\u010dsk\u00fd pr\u016fkaz a tak\u00e9 ob\u010danku, aby si v\u00e1s mohli v t\u00e9to autop\u016fj\u010dovn\u011b v Praze ov\u011b\u0159it. Nebudete litovat, tato spole\u010dnost je opravdu profesion\u00e1ln\u00ed a m\u00e1 skv\u011bl\u00fd p\u0159\u00edstup.                                                                                                                                                                                                                                                                                                                                                                                           4.7\/5 - (4 votes)        About devene"},{"@context":"https:\/\/schema.org\/","@type":"BreadcrumbList","itemListElement":[{"@type":"ListItem","position":1,"name":"Auta pro v\u00e1s","item":"https:\/\/www.mfeigl.cz\/auta-pro-vas\/#breadcrumbitem"}]}]