[{"@context":"https:\/\/schema.org\/","@type":"Article","@id":"https:\/\/www.mfeigl.cz\/bazen-a-party\/#Article","mainEntityOfPage":"https:\/\/www.mfeigl.cz\/bazen-a-party\/","headline":"Baz\u00e9n a p\u00e1rty","name":"Baz\u00e9n a p\u00e1rty","description":"Ani nev\u00edte, jakou jsem m\u011bla radost, kdy\u017e kone\u010dn\u011b mi m\u016fj partner \u0159ekl, \u017ee u\u017e m\u00e1me cel\u00fd d\u016fm hotov\u00fd a \u017ee si u\u017e kone\u010dn\u011b m\u016f\u017eeme po\u0159\u00eddit to, o \u010dem jsme je dlouh\u00e1 l\u00e9ta snili. J\u00e1 jsem v\u017edycky cht\u011bla v\u00ed\u0159ivou vanu na zahradu, ale partner mi st\u00e1le dokola opakoval, \u017ee v\u00ed\u0159iv\u00e1 vana na zahradu je sice prima, ale \u017ee je mal\u00e1. A \u017ee jemu by se nejv\u00edce l\u00edbil opravdu n\u011bjak\u00fd velik\u00fd baz\u00e9n na zahradu, proto\u017ee my r\u00e1di po\u0159\u00e1d\u00e1me r\u016fzn\u00e9 zahradn\u00ed p\u00e1rty, tak\u017ee by se tam tak\u00e9 mohlo pr\u00fd v\u00edce lid\u00ed osv\u011b\u017eit. Tohle je sice pravda, ale zase p\u0159eci p\u0159es zimu, kdy\u017e budeme","datePublished":"2023-08-27","dateModified":"2023-09-29","author":{"@type":"Person","@id":"https:\/\/www.mfeigl.cz\/author\/#Person","name":"","url":"https:\/\/www.mfeigl.cz\/author\/","identifier":1,"image":{"@type":"ImageObject","@id":"https:\/\/secure.gravatar.com\/avatar\/4c052e7a73c1efe5fd04a7144e27996a074b623217a764a72d90cb6a084de021?s=96&d=mm&r=g","url":"https:\/\/secure.gravatar.com\/avatar\/4c052e7a73c1efe5fd04a7144e27996a074b623217a764a72d90cb6a084de021?s=96&d=mm&r=g","height":96,"width":96}},"publisher":{"@type":"Organization","name":"mfeigl.cz","logo":{"@type":"ImageObject","@id":"\/logo.png","url":"\/logo.png","width":600,"height":60}},"image":{"@type":"ImageObject","@id":"https:\/\/www.mfeigl.cz\/wp-content\/uploads\/man-2482494_1280.jpg","url":"https:\/\/www.mfeigl.cz\/wp-content\/uploads\/man-2482494_1280.jpg","height":0,"width":0},"url":"https:\/\/www.mfeigl.cz\/bazen-a-party\/","about":["Nakupov\u00e1n\u00ed"],"wordCount":437,"articleBody":"   Ani nev\u00edte, jakou jsem m\u011bla radost, kdy\u017e kone\u010dn\u011b mi m\u016fj partner \u0159ekl, \u017ee u\u017e m\u00e1me cel\u00fd d\u016fm hotov\u00fd a \u017ee si u\u017e kone\u010dn\u011b m\u016f\u017eeme po\u0159\u00eddit to, o \u010dem jsme je dlouh\u00e1 l\u00e9ta snili. J\u00e1 jsem v\u017edycky cht\u011bla v\u00ed\u0159ivou vanu na zahradu, ale partner mi st\u00e1le dokola opakoval, \u017ee v\u00ed\u0159iv\u00e1 vana na zahradu je sice prima, ale \u017ee je mal\u00e1. A \u017ee jemu by se nejv\u00edce l\u00edbil opravdu n\u011bjak\u00fd velik\u00fd baz\u00e9n na zahradu, proto\u017ee my r\u00e1di po\u0159\u00e1d\u00e1me r\u016fzn\u00e9 zahradn\u00ed p\u00e1rty, tak\u017ee by se tam tak\u00e9 mohlo pr\u00fd v\u00edce lid\u00ed osv\u011b\u017eit. Tohle je sice pravda, ale zase p\u0159eci p\u0159es zimu, kdy\u017e budeme m\u00edt vyh\u0159\u00edvanou vodu ve v\u00ed\u0159iv\u00e9 van\u011b, \u017ee to bude opravdu romantick\u00e9 pro n\u00e1s dva. Miluji romantiku ve dvou!Jenom\u017ee partner zase st\u00e1le myslel na tu, \u017ee kdy\u017e budeme m\u00edt velik\u00fd baz\u00e9n, \u017ee to zase bude lep\u0161\u00ed pro z\u00e1bavu a \u017ee kdy\u017e potom zalo\u017e\u00edme rodinu, \u017ee baz\u00e9n se bude hodit tak\u00e9 pro mal\u00e9 d\u011bti. Proto\u017ee partner u\u017e m\u011bl samoz\u0159ejm\u011b vymy\u0161len\u00e9, co v\u0161echno budeme m\u00edt. Anebo jak ten n\u00e1\u0161 baz\u00e9n bude vypadat. Partner se st\u00e1le dr\u017eel toho t\u00e9matu, \u017ee chce m\u00edt opravdu kr\u00e1sn\u00fd zahradn\u00ed baz\u00e9n do zem\u011b Bazenygluc. Kdy\u017e jsem se partnera ptala, pro\u010d by si p\u0159\u00e1l zrovna baz\u00e9n do zem\u011b, tak on mi \u0159ekl, \u017ee se mu tohle l\u00edb\u00ed a \u017ee je na to zvykl\u00fd. Proto\u017ee ty jeho rodina a tak\u00e9 jeho bratr a tak\u00e9 jeho sestra maj\u00ed se sv\u00fdmi rodinami tak\u00e9 baz\u00e9n, kter\u00fd je zapu\u0161t\u011bn\u00fd do zem\u011b.Kdy\u017e jsem potom vid\u011bla fotografie, kter\u00e9 mi ukazoval pr\u00e1v\u011b partner, jak vypadaj\u00ed baz\u00e9ny do zem\u011b, tak jsem musela uznat, \u017ee m\u011bl pravdu. Proto\u017ee i mn\u011b se na prvn\u00ed pohled zal\u00edbily baz\u00e9ny do zem\u011b. \u0158ekla jsem si, \u017ee vlastn\u011b pokud bychom si po\u0159\u00eddili sp\u00ed\u0161e zahradn\u00ed baz\u00e9n do zem\u011b a nepo\u0159\u00eddili si jenom v\u00ed\u0159ivou vanou na zahradu, \u017ee vlastn\u011b ud\u011bl\u00e1me dob\u0159e. Je pravda, \u017ee potom d\u011bti to zabav\u00ed v\u00edce, a\u017e n\u011bkdy je budeme m\u00edt. A co potom zahradn\u00ed p\u00e1rty? V\u011b\u0159te mi, \u017ee pokud d\u011bl\u00e1te zahradn\u00ed p\u00e1rty a grilujete, tak mi v\u011b\u0159te, \u017ee potom baz\u00e9n, kde bude osv\u011b\u017euj\u00edc\u00ed studen\u00e1 voda, bude pro v\u0161echny hosty opravdu \u010d\u00edslo jedna.                                                                                                                                                                                                                                                                                                                                                                                           4.7\/5 - (8 votes)        About devene"},{"@context":"https:\/\/schema.org\/","@type":"BreadcrumbList","itemListElement":[{"@type":"ListItem","position":1,"name":"Baz\u00e9n a p\u00e1rty","item":"https:\/\/www.mfeigl.cz\/bazen-a-party\/#breadcrumbitem"}]}]