[{"@context":"https:\/\/schema.org\/","@type":"Article","@id":"https:\/\/www.mfeigl.cz\/bydlete-rychle-a-ve-vlastnim\/#Article","mainEntityOfPage":"https:\/\/www.mfeigl.cz\/bydlete-rychle-a-ve-vlastnim\/","headline":"Bydlete rychle a ve vlastn\u00edm","name":"Bydlete rychle a ve vlastn\u00edm","description":"Kon\u010d\u00ed V\u00e1m podn\u00e1jem a Vy rychle hled\u00e1te bydlen\u00ed, kter\u00e9 bude Va\u0161e vlastn\u00ed? M\u00e1te-li vlastn\u00ed pozemek, nechte si na n\u011bj p\u0159iv\u00e9zt mobiln\u00ed d\u016fm. Bydlet m\u016f\u017eete prakticky okam\u017eit\u011b. Na\u0161e jedn\u00e1n\u00ed je rychl\u00e9 a z\u00e1rove\u0148 f\u00e9rov\u00e9. I kdy\u017e bydl\u00edte v dom\u011b, kter\u00fd budete m\u00edt t\u0159i i v\u00edce pokoj\u016f, vlastn\u00ed kuchy\u0148 a soci\u00e1ln\u00ed za\u0159\u00edzen\u00ed, nemus\u00edte vy\u0159izovat slo\u017eit\u00e1 stavebn\u00ed povolen\u00ed. St\u00e1le se jedn\u00e1 o movitou v\u011bc, se kterou m\u016f\u017eete pohybovat. To je d\u016fvod rychl\u00e9ho jedn\u00e1n\u00ed. Nov\u00fd zp\u016fsob tr\u00e1ven\u00ed v\u00edkend\u016f Kam jezd\u00edte o v\u00edkendech, kdy\u017e je l\u00e9to? Sly\u0161\u00edme dob\u0159e, \u017ee jen jeden t\u00fdden na dovolenou? Zkuste to jinak! Kupte si novou mobiln\u00ed chatku a jezd\u011bte na","datePublished":"2025-08-27","dateModified":"2025-08-27","author":{"@type":"Person","@id":"https:\/\/www.mfeigl.cz\/author\/#Person","name":"","url":"https:\/\/www.mfeigl.cz\/author\/","identifier":1,"image":{"@type":"ImageObject","@id":"https:\/\/secure.gravatar.com\/avatar\/4c052e7a73c1efe5fd04a7144e27996a074b623217a764a72d90cb6a084de021?s=96&d=mm&r=g","url":"https:\/\/secure.gravatar.com\/avatar\/4c052e7a73c1efe5fd04a7144e27996a074b623217a764a72d90cb6a084de021?s=96&d=mm&r=g","height":96,"width":96}},"publisher":{"@type":"Organization","name":"mfeigl.cz","logo":{"@type":"ImageObject","@id":"\/logo.png","url":"\/logo.png","width":600,"height":60}},"url":"https:\/\/www.mfeigl.cz\/bydlete-rychle-a-ve-vlastnim\/","wordCount":183,"articleBody":"Kon\u010d\u00ed V\u00e1m podn\u00e1jem a Vy rychle hled\u00e1te bydlen\u00ed, kter\u00e9 bude Va\u0161e vlastn\u00ed? M\u00e1te-li vlastn\u00ed pozemek, nechte si na n\u011bj p\u0159iv\u00e9zt mobiln\u00ed d\u016fm. Bydlet m\u016f\u017eete prakticky okam\u017eit\u011b. Na\u0161e jedn\u00e1n\u00ed je rychl\u00e9 a z\u00e1rove\u0148 f\u00e9rov\u00e9. I kdy\u017e bydl\u00edte v dom\u011b, kter\u00fd budete m\u00edt t\u0159i i v\u00edce pokoj\u016f, vlastn\u00ed kuchy\u0148 a soci\u00e1ln\u00ed za\u0159\u00edzen\u00ed, nemus\u00edte vy\u0159izovat slo\u017eit\u00e1 stavebn\u00ed povolen\u00ed. St\u00e1le se jedn\u00e1 o movitou v\u011bc, se kterou m\u016f\u017eete pohybovat. To je d\u016fvod rychl\u00e9ho jedn\u00e1n\u00ed. Nov\u00fd zp\u016fsob tr\u00e1ven\u00ed v\u00edkend\u016f Kam jezd\u00edte o v\u00edkendech, kdy\u017e je l\u00e9to? Sly\u0161\u00edme dob\u0159e, \u017ee jen jeden t\u00fdden na dovolenou? Zkuste to jinak! Kupte si novou mobiln\u00ed chatku a jezd\u011bte na ni ka\u017ed\u00fd v\u00edkend. Je vhodn\u00e1 k um\u00edst\u011bn\u00ed k p\u0159ehrad\u011b, rybn\u00edku nebo na okraj vesni\u010dky. Vypad\u00e1 stylov\u011b a velice hezky. Je to klasick\u00fd obytn\u00fd d\u016fm s vlastn\u00edm soci\u00e1ln\u00edm za\u0159\u00edzen\u00edm.                                                                                                                                                                                                                                                                                                                                                                                                About devene"},{"@context":"https:\/\/schema.org\/","@type":"BreadcrumbList","itemListElement":[{"@type":"ListItem","position":1,"name":"Bydlete rychle a ve vlastn\u00edm","item":"https:\/\/www.mfeigl.cz\/bydlete-rychle-a-ve-vlastnim\/#breadcrumbitem"}]}]