[{"@context":"https:\/\/schema.org\/","@type":"Article","@id":"https:\/\/www.mfeigl.cz\/co-vam-do-zivota-da-prodej-domu-u-more-v-chorvatsku\/#Article","mainEntityOfPage":"https:\/\/www.mfeigl.cz\/co-vam-do-zivota-da-prodej-domu-u-more-v-chorvatsku\/","headline":"Co v\u00e1m do \u017eivota d\u00e1 prodej domu u mo\u0159e v Chorvatsku","name":"Co v\u00e1m do \u017eivota d\u00e1 prodej domu u mo\u0159e v Chorvatsku","description":"Prodej domu Chorvatsko u mo\u0159e je polo\u017eka ve vyhled\u00e1va\u010d\u00edch, kterou zad\u00e1vaj\u00ed z\u00e1jemci o n\u011bco mimo\u0159\u00e1dn\u00e9ho, co se v na\u0161\u00ed zemi, v centru Evropy ned\u00e1 pro\u017e\u00edt. Jestli\u017ee se toti\u017e do Chorvatska vyprav\u00edte na t\u00fddenn\u00ed dovolenou, a budete tu sv\u00fdm p\u016fsoben\u00edm napodobovat \u201e\u00da\u010dastn\u00edky z\u00e1jezdu\u201c s odcizen\u00fdmi hn\u011bd\u00fdmi pod\u0161\u00e1lky z autobusu, na kter\u00e9 upozor\u0148ovali pod hrozbou trestu \u0159idi\u010di Karel a Karel, bude to docela obvykl\u00fd pobyt u mo\u0159e, co za\u017e\u00edvaj\u00ed tis\u00edce turist\u016f na pob\u0159e\u017e\u00ed Jadranu rok co rok. Ale koupit d\u016fm, nast\u011bhovat se do jeho prostor a \u017e\u00edt tu tak, jako m\u00edstn\u00ed domorodci, je n\u011bco zcela odli\u0161n\u00e9ho, co mo\u017en\u00e1 rozbour\u00e1 va\u0161e p\u0159edstavy o","datePublished":"2023-09-24","dateModified":"2023-10-30","author":{"@type":"Person","@id":"https:\/\/www.mfeigl.cz\/author\/#Person","name":"","url":"https:\/\/www.mfeigl.cz\/author\/","identifier":1,"image":{"@type":"ImageObject","@id":"https:\/\/secure.gravatar.com\/avatar\/4c052e7a73c1efe5fd04a7144e27996a074b623217a764a72d90cb6a084de021?s=96&d=mm&r=g","url":"https:\/\/secure.gravatar.com\/avatar\/4c052e7a73c1efe5fd04a7144e27996a074b623217a764a72d90cb6a084de021?s=96&d=mm&r=g","height":96,"width":96}},"publisher":{"@type":"Organization","name":"mfeigl.cz","logo":{"@type":"ImageObject","@id":"\/logo.png","url":"\/logo.png","width":600,"height":60}},"image":{"@type":"ImageObject","@id":"https:\/\/www.mfeigl.cz\/wp-content\/uploads\/croatia-4754109_640.jpg","url":"https:\/\/www.mfeigl.cz\/wp-content\/uploads\/croatia-4754109_640.jpg","height":0,"width":0},"url":"https:\/\/www.mfeigl.cz\/co-vam-do-zivota-da-prodej-domu-u-more-v-chorvatsku\/","about":["Podnik\u00e1n\u00ed"],"wordCount":451,"articleBody":"   Prodej domu Chorvatsko u mo\u0159e je polo\u017eka ve vyhled\u00e1va\u010d\u00edch, kterou zad\u00e1vaj\u00ed z\u00e1jemci o n\u011bco mimo\u0159\u00e1dn\u00e9ho, co se v na\u0161\u00ed zemi, v centru Evropy ned\u00e1 pro\u017e\u00edt. Jestli\u017ee se toti\u017e do Chorvatska vyprav\u00edte na t\u00fddenn\u00ed dovolenou, a budete tu sv\u00fdm p\u016fsoben\u00edm napodobovat \u201e\u00da\u010dastn\u00edky z\u00e1jezdu\u201c s odcizen\u00fdmi hn\u011bd\u00fdmi pod\u0161\u00e1lky z autobusu, na kter\u00e9 upozor\u0148ovali pod hrozbou trestu \u0159idi\u010di Karel a Karel, bude to docela obvykl\u00fd pobyt u mo\u0159e, co za\u017e\u00edvaj\u00ed tis\u00edce turist\u016f na pob\u0159e\u017e\u00ed Jadranu rok co rok. Ale koupit d\u016fm, nast\u011bhovat se do jeho prostor a \u017e\u00edt tu tak, jako m\u00edstn\u00ed domorodci, je n\u011bco zcela odli\u0161n\u00e9ho, co mo\u017en\u00e1 rozbour\u00e1 va\u0161e p\u0159edstavy o tamn\u00ed lokalit\u011b.Z\u00e1porn\u00e1 ionizace po cel\u00fd rok \u2013 lid\u00e9, kte\u0159\u00ed \u017eij\u00ed v bl\u00edzkosti vodn\u00edch tok\u016f \u010di ploch, kde doch\u00e1z\u00ed k vodn\u00edmu t\u0159\u00ed\u0161t\u011bn\u00ed o skaliska, a kde se voda v\u00ed\u0159\u00ed v ovzdu\u0161\u00ed, jsou vystavov\u00e1ni vysok\u00fdm d\u00e1vk\u00e1m z\u00e1porn\u00fdch iont\u016f, a to je jeden z nejsiln\u011bj\u0161\u00edch p\u0159\u00edrodn\u00edch jev\u016f pro pos\u00edlen\u00ed organismu a jeho uzdravov\u00e1n\u00ed. Markantn\u00ed je to zejm\u00e9na u vodop\u00e1d\u016f, divok\u00fdch \u0159ek a mo\u0159sk\u00e9ho p\u0159\u00edboje na skalnat\u00e9m pob\u0159e\u017e\u00ed.Pohodln\u011bj\u0161\u00ed oble\u010den\u00ed \u2013 voln\u00e9 le\u017e\u00e9rn\u00ed oble\u010den\u00ed je v\u017edy p\u0159\u00edslibem maxim\u00e1ln\u00edho pohodl\u00ed, a \u010d\u00edm voln\u011bj\u0161\u00ed od\u011bv na sob\u011b m\u00e1me, t\u00edm tak\u00e9 \u0161et\u0159\u00edme vlastn\u00ed energi\u00ed a nevyd\u00e1v\u00e1me ji zbyte\u010dn\u011b na nesmysly, spojen\u00e9 s t\u011bsn\u00fdmi od\u011bvy, co \u0161krt\u00ed, t\u00ed\u017e\u00ed a dus\u00ed. Je nap\u0159\u00edklad velk\u00fd rozd\u00edl obl\u00e9knout t\u0159\u00ed\u010dtvrte\u010dn\u00ed kalhoty, tenk\u00e9 tri\u010dko a vyj\u00edt ven naboso k mo\u0159sk\u00e9 pl\u00e1\u017ei, a c\u00edtit se vzdu\u0161n\u011b a lehce, ne\u017e chodit po m\u011bst\u011b ve svetru, v rukavic\u00edch, v t\u011b\u017ek\u00e9 zimn\u00ed bund\u011b a \u010depici a p\u0159ipadat si tu jako ryt\u00ed\u0159 v brn\u011bn\u00ed. V Chorvatsku jsou zimy m\u00edrn\u00e9 a jako t\u011b\u017ekood\u011bnci se tu z\u0159ejm\u011b c\u00edtit nebudete a sp\u00ed\u0161e si u\u017eijete v\u00edce dn\u016f slune\u010dn\u00fdch a relativn\u011b tepl\u00fdch.Vinnetou \u2013 m\u00e1te r\u00e1di tuto legend\u00e1rn\u00ed filmovou postavu, spojenou s hercem Pierre Bricem? Pokud v\u00e1s oslovuje film \u201ePoklad na St\u0159\u00edbrn\u00e9m jeze\u0159e\u201c, pak byste mohli \u010dast\u011bji zav\u00edtat k Plitvick\u00fdm jezer\u016fm, kde se film nat\u00e1\u010del. Je to jedna z nejkr\u00e1sn\u011bj\u0161\u00edch p\u0159\u00edrodn\u00edch lokalit na sv\u011bt\u011b a z\u00e1porn\u00e9 ionty tu pochyt\u00e1te zcela bezpe\u010dn\u011b.                                                                                                                                                                                                                                                                                                                                                                                          4.5\/5 - (11 votes)        About devene"},{"@context":"https:\/\/schema.org\/","@type":"BreadcrumbList","itemListElement":[{"@type":"ListItem","position":1,"name":"Co v\u00e1m do \u017eivota d\u00e1 prodej domu u mo\u0159e v Chorvatsku","item":"https:\/\/www.mfeigl.cz\/co-vam-do-zivota-da-prodej-domu-u-more-v-chorvatsku\/#breadcrumbitem"}]}]