[{"@context":"https:\/\/schema.org\/","@type":"Article","@id":"https:\/\/www.mfeigl.cz\/dodavka-pro-vice-ucelu\/#Article","mainEntityOfPage":"https:\/\/www.mfeigl.cz\/dodavka-pro-vice-ucelu\/","headline":"Dod\u00e1vka pro v\u00edce \u00fa\u010del\u016f","name":"Dod\u00e1vka pro v\u00edce \u00fa\u010del\u016f","description":"Dod\u00e1vky mohou slou\u017eit r\u016fzn\u00fdm zp\u016fsobem a ka\u017ed\u00fd je m\u016f\u017ee vyu\u017e\u00edvat jinak. Jen si to p\u0159edstavte, kolik je mo\u017enost\u00ed, jak si m\u016f\u017eete svou dod\u00e1vku upravit a vyu\u017e\u00edvat ji. Kdy\u017e j\u00ed nech\u00e1te v p\u016fvodn\u00edm stavu, jedn\u00e1 se o dopravn\u00ed prost\u0159edek, do kter\u00e9ho se vleze v\u00edce lid\u00ed a m\u016f\u017eete tak cestovat na dovolenou, nebo n\u011bkam za kulturou ve v\u00edce \u010dlenech. Jsou r\u016fzn\u011b prostorn\u00e9 dod\u00e1vky, ale budete m\u00edt jistotu, \u017ee se do n\u00ed vleze v\u00edce lid\u00ed ne\u017e do osobn\u00edho vozu. Dod\u00e1vkou tak na v\u00fdlet m\u016f\u017eete vz\u00edt celou rodinu i babi\u010dkou a d\u011bde\u010dkem. M\u016f\u017ee v\u00e1m tedy slou\u017eit, jako dopravn\u00ed prost\u0159edek, kam se vleze v\u00edce lid\u00ed.","datePublished":"2024-03-25","dateModified":"2024-03-25","author":{"@type":"Person","@id":"https:\/\/www.mfeigl.cz\/author\/#Person","name":"","url":"https:\/\/www.mfeigl.cz\/author\/","identifier":1,"image":{"@type":"ImageObject","@id":"https:\/\/secure.gravatar.com\/avatar\/4c052e7a73c1efe5fd04a7144e27996a074b623217a764a72d90cb6a084de021?s=96&d=mm&r=g","url":"https:\/\/secure.gravatar.com\/avatar\/4c052e7a73c1efe5fd04a7144e27996a074b623217a764a72d90cb6a084de021?s=96&d=mm&r=g","height":96,"width":96}},"publisher":{"@type":"Organization","name":"mfeigl.cz","logo":{"@type":"ImageObject","@id":"\/logo.png","url":"\/logo.png","width":600,"height":60}},"image":{"@type":"ImageObject","@id":"https:\/\/www.mfeigl.cz\/wp-content\/uploads\/city-trans-3332623_640_1.jpg","url":"https:\/\/www.mfeigl.cz\/wp-content\/uploads\/city-trans-3332623_640_1.jpg","height":0,"width":0},"url":"https:\/\/www.mfeigl.cz\/dodavka-pro-vice-ucelu\/","about":["Podnik\u00e1n\u00ed"],"wordCount":522,"articleBody":"    Dod\u00e1vky mohou slou\u017eit r\u016fzn\u00fdm zp\u016fsobem a ka\u017ed\u00fd je m\u016f\u017ee vyu\u017e\u00edvat jinak. Jen si to p\u0159edstavte, kolik je mo\u017enost\u00ed, jak si m\u016f\u017eete svou dod\u00e1vku upravit a vyu\u017e\u00edvat ji. Kdy\u017e j\u00ed nech\u00e1te v p\u016fvodn\u00edm stavu, jedn\u00e1 se o dopravn\u00ed prost\u0159edek, do kter\u00e9ho se vleze v\u00edce lid\u00ed a m\u016f\u017eete tak cestovat na dovolenou, nebo n\u011bkam za kulturou ve v\u00edce \u010dlenech. Jsou r\u016fzn\u011b prostorn\u00e9 dod\u00e1vky, ale budete m\u00edt jistotu, \u017ee se do n\u00ed vleze v\u00edce lid\u00ed ne\u017e do osobn\u00edho vozu. Dod\u00e1vkou tak na v\u00fdlet m\u016f\u017eete vz\u00edt celou rodinu i babi\u010dkou a d\u011bde\u010dkem. M\u016f\u017ee v\u00e1m tedy slou\u017eit, jako dopravn\u00ed prost\u0159edek, kam se vleze v\u00edce lid\u00ed. Nen\u00ed to mal\u00fd autobus, ale m\u016f\u017ee se tomu v n\u011bkter\u00fdch p\u0159\u00edpadech podobat.   Budete m\u00edt luxusn\u00ed a pohodln\u00fd p\u0159evoz, ve kter\u00e9m se budete c\u00edtit dob\u0159e. Kdy\u017e v\u00e1\u0161 v\u016fz zklame, m\u016f\u017eete si dod\u00e1vku vyp\u016fj\u010dit v p\u016fj\u010dovn\u011b dod\u00e1vek Rentcarservice.cz. Dal\u0161\u00ed mo\u017enost\u00ed m\u016f\u017ee dod\u00e1vka b\u00fdt pracovn\u00ed, kdy v\u00e1m bude slou\u017eit p\u0159i va\u0161ich pracovn\u00edch \u00fakolech. V\u011bt\u0161inou je pomocn\u00edkem d\u011bln\u00edk\u016fm nebo i truhl\u00e1\u0159\u016fm, stava\u0159\u016fm a v\u0161em technik\u016fm, kte\u0159\u00ed ke sv\u00e9 pr\u00e1ci pot\u0159ebuj\u00ed n\u011bjak\u00e9 vybaven\u00ed na pr\u00e1ci. Nap\u0159\u00edklad takov\u00fd zedn\u00edk bude pot\u0159ebovat materi\u00e1l, kter\u00fdm nahazuje zdi a vytv\u00e1\u0159\u00ed n\u011bco nov\u00e9ho a taky pot\u0159ebn\u00e9 kbel\u00edky a lopatky a v\u0161e mo\u017en\u00e9. Je toho opravdu hodn\u011b a v dod\u00e1vce na to je dostatek m\u00edsta, kter\u00fd ide\u00e1ln\u011b vyu\u017eijete.  N\u011bkdy v\u00e1m p\u0159ijde i m\u00e1lo prostoru v takov\u00e9 dod\u00e1vce, kterou m\u00e1te na pr\u00e1ci a to jen pro to, \u017ee nen\u00ed \u010das si v n\u00ed p\u011bkn\u011b v\u0161echno srovnat a m\u00edt v dod\u00e1vce vytvo\u0159en\u00e9 p\u0159ihr\u00e1dky a pot\u0159ebn\u00e9 \u0161upl\u00edky na v\u00e1\u0161 materi\u00e1l. Jednodu\u0161e to do vozu naskl\u00e1d\u00e1te a douf\u00e1te, \u017ee pak v\u0161echno najdete, ale ide\u00e1ln\u011b upraven\u00e1 dod\u00e1vka pro zedn\u00edka je s pracovn\u00edmi policemi, m\u00edstem na n\u00e1\u0159ad\u00ed a m\u00edstem na materi\u00e1l pot\u0159ebn\u00fd na stavbu. Nen\u00ed toho zrovna m\u00e1lo, kdy\u017e se pust\u00edte do pr\u00e1ce. Posledn\u00ed mo\u017enost\u00ed m\u016f\u017ee b\u00fdt dod\u00e1vka jako obytn\u00fd v\u016fz, kter\u00fdm cestujete po sv\u011bt\u011b na sout\u011b\u017ee va\u0161ich mazl\u00ed\u010dk\u016f nebo jen tak pro radost. Dod\u00e1vky se daj\u00ed kr\u00e1sn\u011b p\u0159izp\u016fsobit na jednoduch\u00e9 obydl\u00ed, kde se vysp\u00edte, uva\u0159\u00edte si ob\u011bd a zajdete si na z\u00e1chod. To v\u0161e jde ud\u011blat z klasick\u00e9 dod\u00e1vky, ale mus\u00edte b\u00fdt zru\u010dn\u00ed a m\u00edt ten spr\u00e1vn\u00fd z\u00e1pal anebo to sv\u011b\u0159it n\u011bkomu, kdo u\u017e s p\u0159ed\u011bl\u00e1n\u00edm vozu m\u00e1 n\u011bjak\u00e9 zku\u0161enosti.                                                                                                                                                                                                                                                                                                                                                                                          4.3\/5 - (3 votes)        About devene"},{"@context":"https:\/\/schema.org\/","@type":"BreadcrumbList","itemListElement":[{"@type":"ListItem","position":1,"name":"Dod\u00e1vka pro v\u00edce \u00fa\u010del\u016f","item":"https:\/\/www.mfeigl.cz\/dodavka-pro-vice-ucelu\/#breadcrumbitem"}]}]