{"@context":"https:\/\/schema.org\/","@type":"CollectionPage","@id":"https:\/\/www.mfeigl.cz\/finance\/#CollectionPage","headline":"Finance Category","description":"","url":"https:\/\/www.mfeigl.cz\/finance\/","hasPart":[{"@type":"Article","@id":"https:\/\/www.mfeigl.cz\/nekdy-prijde-pujcka-vhod\/","headline":"N\u011bkdy p\u0159ijde p\u016fj\u010dka vhod","url":"https:\/\/www.mfeigl.cz\/nekdy-prijde-pujcka-vhod\/","datePublished":"2024-09-22","dateModified":"2024-09-22","mainEntityOfPage":"https:\/\/www.mfeigl.cz\/nekdy-prijde-pujcka-vhod\/","author":{"@type":"Person","@id":"https:\/\/www.mfeigl.cz\/author\/#Person","name":"","url":"https:\/\/www.mfeigl.cz\/author\/","identifier":1,"image":{"@type":"ImageObject","@id":"https:\/\/secure.gravatar.com\/avatar\/4c052e7a73c1efe5fd04a7144e27996a074b623217a764a72d90cb6a084de021?s=96&d=mm&r=g","url":"https:\/\/secure.gravatar.com\/avatar\/4c052e7a73c1efe5fd04a7144e27996a074b623217a764a72d90cb6a084de021?s=96&d=mm&r=g","height":96,"width":96}},"publisher":{"@type":"Organization","name":"mfeigl.cz","logo":{"@type":"ImageObject","@id":"\/logo.png","url":"\/logo.png","width":600,"height":60}},"image":{"@type":"ImageObject","@id":"https:\/\/www.mfeigl.cz\/wp-content\/uploads\/PPPPPPPPPPPPPPPPPPPPPPPPPPPPPPPPPPPPPPPPPPPPPPPPPPPPPPPP.jpg","url":"https:\/\/www.mfeigl.cz\/wp-content\/uploads\/PPPPPPPPPPPPPPPPPPPPPPPPPPPPPPPPPPPPPPPPPPPPPPPPPPPPPPPP.jpg","height":0,"width":0},"keywords":null},{"@type":"Article","@id":"https:\/\/www.mfeigl.cz\/nestresujte-se-kvuli-penezum\/","headline":"Nestresujte se kv\u016fli pen\u011bz\u016fm","url":"https:\/\/www.mfeigl.cz\/nestresujte-se-kvuli-penezum\/","datePublished":"2024-02-15","dateModified":"2024-03-15","mainEntityOfPage":"https:\/\/www.mfeigl.cz\/nestresujte-se-kvuli-penezum\/","author":{"@type":"Person","@id":"https:\/\/www.mfeigl.cz\/author\/#Person","name":"","url":"https:\/\/www.mfeigl.cz\/author\/","identifier":1,"image":{"@type":"ImageObject","@id":"https:\/\/secure.gravatar.com\/avatar\/4c052e7a73c1efe5fd04a7144e27996a074b623217a764a72d90cb6a084de021?s=96&d=mm&r=g","url":"https:\/\/secure.gravatar.com\/avatar\/4c052e7a73c1efe5fd04a7144e27996a074b623217a764a72d90cb6a084de021?s=96&d=mm&r=g","height":96,"width":96}},"publisher":{"@type":"Organization","name":"mfeigl.cz","logo":{"@type":"ImageObject","@id":"\/logo.png","url":"\/logo.png","width":600,"height":60}},"image":{"@type":"ImageObject","@id":"https:\/\/www.mfeigl.cz\/wp-content\/uploads\/money-1508454_640_2.jpg","url":"https:\/\/www.mfeigl.cz\/wp-content\/uploads\/money-1508454_640_2.jpg","height":0,"width":0},"keywords":null},{"@type":"Article","@id":"https:\/\/www.mfeigl.cz\/neni-pujcka-jako-pujcka\/","headline":"Nen\u00ed p\u016fj\u010dka jako p\u016fj\u010dka","url":"https:\/\/www.mfeigl.cz\/neni-pujcka-jako-pujcka\/","datePublished":"2023-09-25","dateModified":"2023-10-30","mainEntityOfPage":"https:\/\/www.mfeigl.cz\/neni-pujcka-jako-pujcka\/","author":{"@type":"Person","@id":"https:\/\/www.mfeigl.cz\/author\/#Person","name":"","url":"https:\/\/www.mfeigl.cz\/author\/","identifier":1,"image":{"@type":"ImageObject","@id":"https:\/\/secure.gravatar.com\/avatar\/4c052e7a73c1efe5fd04a7144e27996a074b623217a764a72d90cb6a084de021?s=96&d=mm&r=g","url":"https:\/\/secure.gravatar.com\/avatar\/4c052e7a73c1efe5fd04a7144e27996a074b623217a764a72d90cb6a084de021?s=96&d=mm&r=g","height":96,"width":96}},"publisher":{"@type":"Organization","name":"mfeigl.cz","logo":{"@type":"ImageObject","@id":"\/logo.png","url":"\/logo.png","width":600,"height":60}},"image":{"@type":"ImageObject","@id":"https:\/\/www.mfeigl.cz\/wp-content\/uploads\/money-702349_640.jpg","url":"https:\/\/www.mfeigl.cz\/wp-content\/uploads\/money-702349_640.jpg","height":0,"width":0},"keywords":null},{"@type":"Article","@id":"https:\/\/www.mfeigl.cz\/jak-zachranit-podnikani\/","headline":"Jak zachr\u00e1nit podnik\u00e1n\u00ed?","url":"https:\/\/www.mfeigl.cz\/jak-zachranit-podnikani\/","datePublished":"2023-08-25","dateModified":"2023-09-26","mainEntityOfPage":"https:\/\/www.mfeigl.cz\/jak-zachranit-podnikani\/","author":{"@type":"Person","@id":"https:\/\/www.mfeigl.cz\/author\/#Person","name":"","url":"https:\/\/www.mfeigl.cz\/author\/","identifier":1,"image":{"@type":"ImageObject","@id":"https:\/\/secure.gravatar.com\/avatar\/4c052e7a73c1efe5fd04a7144e27996a074b623217a764a72d90cb6a084de021?s=96&d=mm&r=g","url":"https:\/\/secure.gravatar.com\/avatar\/4c052e7a73c1efe5fd04a7144e27996a074b623217a764a72d90cb6a084de021?s=96&d=mm&r=g","height":96,"width":96}},"publisher":{"@type":"Organization","name":"mfeigl.cz","logo":{"@type":"ImageObject","@id":"\/logo.png","url":"\/logo.png","width":600,"height":60}},"image":{"@type":"ImageObject","@id":"https:\/\/www.mfeigl.cz\/wp-content\/uploads\/money-628578_1280_1.jpg","url":"https:\/\/www.mfeigl.cz\/wp-content\/uploads\/money-628578_1280_1.jpg","height":0,"width":0},"keywords":null},{"@type":"Article","@id":"https:\/\/www.mfeigl.cz\/pujcky-se-nekdy-hodi\/","headline":"P\u016fj\u010dky se n\u011bkdy hod\u00ed","url":"https:\/\/www.mfeigl.cz\/pujcky-se-nekdy-hodi\/","datePublished":"2023-07-18","dateModified":"2023-08-18","mainEntityOfPage":"https:\/\/www.mfeigl.cz\/pujcky-se-nekdy-hodi\/","author":{"@type":"Person","@id":"https:\/\/www.mfeigl.cz\/author\/#Person","name":"","url":"https:\/\/www.mfeigl.cz\/author\/","identifier":1,"image":{"@type":"ImageObject","@id":"https:\/\/secure.gravatar.com\/avatar\/4c052e7a73c1efe5fd04a7144e27996a074b623217a764a72d90cb6a084de021?s=96&d=mm&r=g","url":"https:\/\/secure.gravatar.com\/avatar\/4c052e7a73c1efe5fd04a7144e27996a074b623217a764a72d90cb6a084de021?s=96&d=mm&r=g","height":96,"width":96}},"publisher":{"@type":"Organization","name":"mfeigl.cz","logo":{"@type":"ImageObject","@id":"\/logo.png","url":"\/logo.png","width":600,"height":60}},"image":{"@type":"ImageObject","@id":"https:\/\/www.mfeigl.cz\/wp-content\/uploads\/money-2660575_1280_2.jpg","url":"https:\/\/www.mfeigl.cz\/wp-content\/uploads\/money-2660575_1280_2.jpg","height":0,"width":0},"keywords":null},{"@type":"Article","@id":"https:\/\/www.mfeigl.cz\/kde-berou-podnikatele-pujcky\/","headline":"Kde berou podnikatel\u00e9 p\u016fj\u010dky?","url":"https:\/\/www.mfeigl.cz\/kde-berou-podnikatele-pujcky\/","datePublished":"2023-07-15","dateModified":"2024-04-22","mainEntityOfPage":"https:\/\/www.mfeigl.cz\/kde-berou-podnikatele-pujcky\/","author":{"@type":"Person","@id":"https:\/\/www.mfeigl.cz\/author\/#Person","name":"","url":"https:\/\/www.mfeigl.cz\/author\/","identifier":1,"image":{"@type":"ImageObject","@id":"https:\/\/secure.gravatar.com\/avatar\/4c052e7a73c1efe5fd04a7144e27996a074b623217a764a72d90cb6a084de021?s=96&d=mm&r=g","url":"https:\/\/secure.gravatar.com\/avatar\/4c052e7a73c1efe5fd04a7144e27996a074b623217a764a72d90cb6a084de021?s=96&d=mm&r=g","height":96,"width":96}},"publisher":{"@type":"Organization","name":"mfeigl.cz","logo":{"@type":"ImageObject","@id":"\/logo.png","url":"\/logo.png","width":600,"height":60}},"image":{"@type":"ImageObject","@id":"https:\/\/www.mfeigl.cz\/wp-content\/uploads\/dollar-1294250_1280.jpg","url":"https:\/\/www.mfeigl.cz\/wp-content\/uploads\/dollar-1294250_1280.jpg","height":0,"width":0},"keywords":null},{"@type":"Article","@id":"https:\/\/www.mfeigl.cz\/osudem-podnikatelu-neni-bida\/","headline":"Osudem podnikatel\u016f nen\u00ed b\u00edda","url":"https:\/\/www.mfeigl.cz\/osudem-podnikatelu-neni-bida\/","datePublished":"2022-09-18","dateModified":"2022-09-18","mainEntityOfPage":"https:\/\/www.mfeigl.cz\/osudem-podnikatelu-neni-bida\/","author":{"@type":"Person","@id":"https:\/\/www.mfeigl.cz\/author\/#Person","name":"","url":"https:\/\/www.mfeigl.cz\/author\/","identifier":1,"image":{"@type":"ImageObject","@id":"https:\/\/secure.gravatar.com\/avatar\/4c052e7a73c1efe5fd04a7144e27996a074b623217a764a72d90cb6a084de021?s=96&d=mm&r=g","url":"https:\/\/secure.gravatar.com\/avatar\/4c052e7a73c1efe5fd04a7144e27996a074b623217a764a72d90cb6a084de021?s=96&d=mm&r=g","height":96,"width":96}},"publisher":{"@type":"Organization","name":"mfeigl.cz","logo":{"@type":"ImageObject","@id":"\/logo.png","url":"\/logo.png","width":600,"height":60}},"image":{"@type":"ImageObject","@id":"https:\/\/www.mfeigl.cz\/wp-content\/uploads\/%C4%8Dty%C5%99i%20mince_8.jpg","url":"https:\/\/www.mfeigl.cz\/wp-content\/uploads\/%C4%8Dty%C5%99i%20mince_8.jpg","height":0,"width":0},"keywords":null},{"@type":"Article","@id":"https:\/\/www.mfeigl.cz\/prima-hypoteka\/","headline":"Prima hypot\u00e9ka","url":"https:\/\/www.mfeigl.cz\/prima-hypoteka\/","datePublished":"2022-09-13","dateModified":"2022-09-13","mainEntityOfPage":"https:\/\/www.mfeigl.cz\/prima-hypoteka\/","author":{"@type":"Person","@id":"https:\/\/www.mfeigl.cz\/author\/#Person","name":"","url":"https:\/\/www.mfeigl.cz\/author\/","identifier":1,"image":{"@type":"ImageObject","@id":"https:\/\/secure.gravatar.com\/avatar\/4c052e7a73c1efe5fd04a7144e27996a074b623217a764a72d90cb6a084de021?s=96&d=mm&r=g","url":"https:\/\/secure.gravatar.com\/avatar\/4c052e7a73c1efe5fd04a7144e27996a074b623217a764a72d90cb6a084de021?s=96&d=mm&r=g","height":96,"width":96}},"publisher":{"@type":"Organization","name":"mfeigl.cz","logo":{"@type":"ImageObject","@id":"\/logo.png","url":"\/logo.png","width":600,"height":60}},"image":{"@type":"ImageObject","@id":"https:\/\/www.mfeigl.cz\/wp-content\/uploads\/hypoteka7_3.jpg","url":"https:\/\/www.mfeigl.cz\/wp-content\/uploads\/hypoteka7_3.jpg","height":0,"width":0},"keywords":null},{"@type":"Article","@id":"https:\/\/www.mfeigl.cz\/utulne-bydleni-pro-kazdeho\/","headline":"\u00datuln\u00e9 bydlen\u00ed pro ka\u017ed\u00e9ho","url":"https:\/\/www.mfeigl.cz\/utulne-bydleni-pro-kazdeho\/","datePublished":"2020-01-12","dateModified":"2020-01-12","mainEntityOfPage":"https:\/\/www.mfeigl.cz\/utulne-bydleni-pro-kazdeho\/","author":{"@type":"Person","@id":"https:\/\/www.mfeigl.cz\/author\/#Person","name":"","url":"https:\/\/www.mfeigl.cz\/author\/","identifier":1,"image":{"@type":"ImageObject","@id":"https:\/\/secure.gravatar.com\/avatar\/4c052e7a73c1efe5fd04a7144e27996a074b623217a764a72d90cb6a084de021?s=96&d=mm&r=g","url":"https:\/\/secure.gravatar.com\/avatar\/4c052e7a73c1efe5fd04a7144e27996a074b623217a764a72d90cb6a084de021?s=96&d=mm&r=g","height":96,"width":96}},"publisher":{"@type":"Organization","name":"mfeigl.cz","logo":{"@type":"ImageObject","@id":"\/logo.png","url":"\/logo.png","width":600,"height":60}},"image":{"@type":"ImageObject","@id":"https:\/\/www.mfeigl.cz\/wp-content\/uploads\/img_a374718_w2136_t1586417717.jpg","url":"https:\/\/www.mfeigl.cz\/wp-content\/uploads\/img_a374718_w2136_t1586417717.jpg","height":0,"width":0},"keywords":null}]}