[{"@context":"https:\/\/schema.org\/","@type":"Article","@id":"https:\/\/www.mfeigl.cz\/kvalitni-obleceni\/#Article","mainEntityOfPage":"https:\/\/www.mfeigl.cz\/kvalitni-obleceni\/","headline":"Kvalitn\u00ed oble\u010den\u00ed","name":"Kvalitn\u00ed oble\u010den\u00ed","description":"Tak\u00e9 jste u\u017e n\u011bkdy p\u0159em\u00fd\u0161leli nad t\u00edm, kolik v\u016fbec existuje r\u016fzn\u00fdch zna\u010dek oble\u010den\u00ed? Pokud ano, tak jste si jist\u011b na internetu u\u017e na\u0161li tak\u00e9 r\u016fzn\u00e9 zna\u010dky a nebo r\u016fzn\u00e9 typy oble\u010den\u00ed, kter\u00e9 byste mohli m\u00edt a nebo, kter\u00e9 by jste si tak\u00e9 mohli zakoupit. Nap\u0159\u00edklad j\u00e1 m\u00e1m r\u00e1da velice sportovn\u00ed zna\u010dky, proto\u017ee jsem hodn\u011b sportovn\u011b zalo\u017een\u00fd \u010dlov\u011bk. Nav\u00edc tak\u00e9 to je d\u016fvod k tomu, proto\u017ee j\u00e1 nem\u00e1m v\u016fbec \u017e\u00e1dn\u00fd automobil. Jezd\u00edm na kole nebo na elektrokole a nebo tak\u00e9 na elektrokolob\u011b\u017ece, nebo kdy\u017e je takov\u00e9 p\u0159\u00edjemn\u00e9 po\u010das\u00ed a nen\u00ed vedro ani zima, tak si v\u017edycky do m\u011bsta t\u0159eba zab\u011bh\u00e1m. Proto\u017ee","datePublished":"2023-08-27","dateModified":"2023-08-27","author":{"@type":"Person","@id":"https:\/\/www.mfeigl.cz\/author\/#Person","name":"","url":"https:\/\/www.mfeigl.cz\/author\/","identifier":1,"image":{"@type":"ImageObject","@id":"https:\/\/secure.gravatar.com\/avatar\/4c052e7a73c1efe5fd04a7144e27996a074b623217a764a72d90cb6a084de021?s=96&d=mm&r=g","url":"https:\/\/secure.gravatar.com\/avatar\/4c052e7a73c1efe5fd04a7144e27996a074b623217a764a72d90cb6a084de021?s=96&d=mm&r=g","height":96,"width":96}},"publisher":{"@type":"Organization","name":"mfeigl.cz","logo":{"@type":"ImageObject","@id":"\/logo.png","url":"\/logo.png","width":600,"height":60}},"image":{"@type":"ImageObject","@id":"https:\/\/www.mfeigl.cz\/wp-content\/uploads\/model-2700486_1280.jpg","url":"https:\/\/www.mfeigl.cz\/wp-content\/uploads\/model-2700486_1280.jpg","height":0,"width":0},"url":"https:\/\/www.mfeigl.cz\/kvalitni-obleceni\/","about":["Nakupov\u00e1n\u00ed"],"wordCount":424,"articleBody":"   Tak\u00e9 jste u\u017e n\u011bkdy p\u0159em\u00fd\u0161leli nad t\u00edm, kolik v\u016fbec existuje r\u016fzn\u00fdch zna\u010dek oble\u010den\u00ed? Pokud ano, tak jste si jist\u011b na internetu u\u017e na\u0161li tak\u00e9 r\u016fzn\u00e9 zna\u010dky a nebo r\u016fzn\u00e9 typy oble\u010den\u00ed, kter\u00e9 byste mohli m\u00edt a nebo, kter\u00e9 by jste si tak\u00e9 mohli zakoupit. Nap\u0159\u00edklad j\u00e1 m\u00e1m r\u00e1da velice sportovn\u00ed zna\u010dky, proto\u017ee jsem hodn\u011b sportovn\u011b zalo\u017een\u00fd \u010dlov\u011bk. Nav\u00edc tak\u00e9 to je d\u016fvod k tomu, proto\u017ee j\u00e1 nem\u00e1m v\u016fbec \u017e\u00e1dn\u00fd automobil. Jezd\u00edm na kole nebo na elektrokole a nebo tak\u00e9 na elektrokolob\u011b\u017ece, nebo kdy\u017e je takov\u00e9 p\u0159\u00edjemn\u00e9 po\u010das\u00ed a nen\u00ed vedro ani zima, tak si v\u017edycky do m\u011bsta t\u0159eba zab\u011bh\u00e1m. Proto\u017ee bydl\u00edm na vesnici, co\u017e je asi \u010dty\u0159i a p\u016fl kilometru od m\u011bsta.Tak si tam klidn\u011b i zab\u00edh\u00e1m. A pr\u00e1v\u011b d\u00edky tomu se tak\u00e9 udr\u017euji v kondici. Proto je tak\u00e9 prima, \u017ee existuj\u00ed opravdu kvalitn\u00ed kousky oble\u010den\u00ed, jako nap\u0159\u00edklad zna\u010dka devold https:\/\/www.c-store.cz\/DEVOLD-c132_0_1.htm, kterou jsem si velice obl\u00edbila. Zna\u010dka devold m\u00e1 takov\u00e9 oble\u010den\u00ed, kter\u00e1 je opravdu z velice kvalitn\u00edch materi\u00e1l\u016f a je tak\u00e9 kvalitn\u011b \u0161it\u00e9. Tak\u017ee se nemus\u00edte b\u00e1t, \u017ee se v\u00e1m t\u0159eba po deset no\u0161en\u00ed v\u00e1\u0161 obl\u00edben\u00fd svetr nebo tri\u010dko roztrhne a nebo se to jakkoliv poni\u010d\u00ed. Nebo se stane n\u011bco podobn\u00e9ho, proto\u017ee opravdu u kvalitn\u00edch v\u00fdrobk\u016f a kvalitn\u00edch p\u0159\u00edrodn\u00edch materi\u00e1l\u016f se tohle nikdy nestane. J\u00e1 jsem d\u0159\u00edve sp\u00ed\u0161e dbala na to, abych m\u011bla doma opravdu hodn\u011b oble\u010den\u00ed a dbala jsem na kvantitu.Jenom\u017ee posledn\u00ed \u010dty\u0159i roky u\u017e sp\u00ed\u0161e db\u00e1m na kvalitu. Nen\u00ed opravdu nic hor\u0161\u00edho, ne\u017e kdy\u017e si koup\u00edte potom t\u0159eba nap\u0159\u00edklad deset kus\u016f svetr\u016f, kter\u00e9 jsou \u0161patn\u011b ud\u011blan\u00e9 a potom b\u011bhem m\u011bs\u00edce jich m\u00e1te t\u0159eba sedm v pr\u010dic\u00edch, proto\u017ee se v\u00e1m poni\u010d\u00ed. Proto si rad\u011bji koup\u00edm dva drah\u00e9 svetry zna\u010dky devold, kdy\u017e v\u00edm, \u017ee mi t\u0159eba vydr\u017e\u00ed i n\u011bkolik let. Z\u00e1le\u017e\u00ed to pouze jenom na kvalit\u011b a taky na tom, jak se rozhodnete a co je pro v\u00e1s d\u016fle\u017eit\u011bj\u0161\u00ed. Jestli kvalita va\u0161eho oble\u010den\u00ed a nebo tak\u00e9 kvantita.                                                                                                                                                                                                                                                                                                                                                                                           4\/5 - (1 vote)        About devene"},{"@context":"https:\/\/schema.org\/","@type":"BreadcrumbList","itemListElement":[{"@type":"ListItem","position":1,"name":"Kvalitn\u00ed oble\u010den\u00ed","item":"https:\/\/www.mfeigl.cz\/kvalitni-obleceni\/#breadcrumbitem"}]}]