[{"@context":"https:\/\/schema.org\/","@type":"Article","@id":"https:\/\/www.mfeigl.cz\/uzijte-si-vanoce-jinak-na-horach\/#Article","mainEntityOfPage":"https:\/\/www.mfeigl.cz\/uzijte-si-vanoce-jinak-na-horach\/","headline":"U\u017eijte si V\u00e1noce jinak &#8211; na hor\u00e1ch!","name":"U\u017eijte si V\u00e1noce jinak &#8211; na hor\u00e1ch!","description":"V\u00e1noce str\u00e1ven\u00e9 mimo domov. Pro n\u011bkoho naprosto nemysliteln\u00e1 p\u0159edstava, pro n\u011bkoho naopak ka\u017edoro\u010dn\u00ed tradice. Napadlo v\u00e1s n\u011bkdy, \u017ee se tento rok prost\u011b vyka\u0161lete na ve\u0161ker\u00fd v\u00e1no\u010dn\u00ed stres, p\u0159\u00edpravy, vyhnete se shonu v obchodech a prost\u011b odjedete mimo sv\u00e9 m\u011bsto? Zat\u00edmco str\u00e1vit Silvestr n\u011bkde na hor\u00e1ch, v hotelu nebo na chat\u011b nen\u00ed nic neobvykl\u00e9ho, a praktikuje to tak spousta lid\u00ed, tr\u00e1vit zde V\u00e1noce? To st\u00e1le je\u0161t\u011b nen\u00ed tak roz\u0161\u00ed\u0159en\u00e9. Nicm\u00e9n\u011b st\u00e1le v\u00edce lid\u00ed vol\u00ed pro V\u00e1noce tuto variantu. Je to zm\u011bna, ale m\u016f\u017ee to b\u00fdt velmi v\u00edtan\u00e1 zm\u011bna. O tom, \u017ee je u \u010cech\u016f tr\u00e1ven\u00ed V\u00e1noc na hor\u00e1ch \u010d\u00edm d\u00e1l t\u00edm","datePublished":"2023-12-15","dateModified":"2024-01-16","author":{"@type":"Person","@id":"https:\/\/www.mfeigl.cz\/author\/#Person","name":"","url":"https:\/\/www.mfeigl.cz\/author\/","identifier":1,"image":{"@type":"ImageObject","@id":"https:\/\/secure.gravatar.com\/avatar\/4c052e7a73c1efe5fd04a7144e27996a074b623217a764a72d90cb6a084de021?s=96&d=mm&r=g","url":"https:\/\/secure.gravatar.com\/avatar\/4c052e7a73c1efe5fd04a7144e27996a074b623217a764a72d90cb6a084de021?s=96&d=mm&r=g","height":96,"width":96}},"publisher":{"@type":"Organization","name":"mfeigl.cz","logo":{"@type":"ImageObject","@id":"\/logo.png","url":"\/logo.png","width":600,"height":60}},"image":{"@type":"ImageObject","@id":"https:\/\/www.mfeigl.cz\/wp-content\/uploads\/cristian-escobar-abkEAOjnY0s-unsplash.jpg","url":"https:\/\/www.mfeigl.cz\/wp-content\/uploads\/cristian-escobar-abkEAOjnY0s-unsplash.jpg","height":0,"width":0},"url":"https:\/\/www.mfeigl.cz\/uzijte-si-vanoce-jinak-na-horach\/","about":["Podnik\u00e1n\u00ed"],"wordCount":422,"articleBody":"   V\u00e1noce str\u00e1ven\u00e9 mimo domov. Pro n\u011bkoho naprosto nemysliteln\u00e1 p\u0159edstava, pro n\u011bkoho naopak ka\u017edoro\u010dn\u00ed tradice. Napadlo v\u00e1s n\u011bkdy, \u017ee se tento rok prost\u011b vyka\u0161lete na ve\u0161ker\u00fd v\u00e1no\u010dn\u00ed stres, p\u0159\u00edpravy, vyhnete se shonu v obchodech a prost\u011b odjedete mimo sv\u00e9 m\u011bsto?Zat\u00edmco str\u00e1vit Silvestr n\u011bkde na hor\u00e1ch, v hotelu nebo na chat\u011b nen\u00ed nic neobvykl\u00e9ho, a praktikuje to tak spousta lid\u00ed, tr\u00e1vit zde V\u00e1noce? To st\u00e1le je\u0161t\u011b nen\u00ed tak roz\u0161\u00ed\u0159en\u00e9. Nicm\u00e9n\u011b st\u00e1le v\u00edce lid\u00ed vol\u00ed pro V\u00e1noce tuto variantu. Je to zm\u011bna, ale m\u016f\u017ee to b\u00fdt velmi v\u00edtan\u00e1 zm\u011bna.O tom, \u017ee je u \u010cech\u016f tr\u00e1ven\u00ed V\u00e1noc na hor\u00e1ch \u010d\u00edm d\u00e1l t\u00edm v\u00edce obl\u00edben\u00e9 sv\u011bd\u010d\u00ed i fakt, \u017ee m\u00edsta v hotelech jsou i n\u011bkolik m\u011bs\u00edc\u016f na v\u00e1no\u010dn\u00ed term\u00edny vyprodan\u00e9. P\u0159edev\u0161\u00edm v l\u00e1kav\u00fdch lokalit\u00e1ch, jako jsou Beskydy, Krkono\u0161e nebo Jesen\u00edky. V\u00e1noce na hor\u00e1ch Jesen\u00edky jsou skute\u010dn\u011b skv\u011bl\u00fdm z\u00e1\u017eitkem. M\u00edstn\u00ed p\u0159\u00edroda je pod sn\u011bhem jako z poh\u00e1dky. Najdete tu spoustu mo\u017enost\u00ed, co m\u016f\u017eete d\u011blat, a p\u0159itom si u\u017e\u00edt kouzelnou horskou v\u00e1no\u010dn\u00ed atmosf\u00e9ru.A V\u00e1noce na hor\u00e1ch zdaleka nevol\u00ed pouze mlad\u00ed, bezd\u011btn\u00ed lid\u00e9, jak byste si mo\u017en\u00e1 mysleli. Takov\u00fd pobyt vyu\u017e\u00edvaj\u00ed lid\u00e9 nap\u0159\u00ed\u010d v\u0161emi v\u011bkov\u00fdmi kategoriemi. Jednotlivci, mlad\u00e9 p\u00e1ry, rodiny s d\u011btmi, senio\u0159i nebo i cel\u00e9 rodiny, kter\u00e9 \u010d\u00edtaj\u00ed n\u011bkolik generac\u00ed.Hotely, kde b\u00fdvaj\u00ed host\u00e9 ubytovan\u00ed, samoz\u0159ejm\u011b uzp\u016fsobuj\u00ed hotel v\u00e1no\u010dn\u00edmu \u010dasu. Hotely jsou pov\u011bt\u0161inou n\u00e1dhern\u011b ozdoben\u00e9, najdete v\u0161ude v\u00fdzdobu, v\u00e1no\u010dn\u00ed strome\u010dky a v hotelov\u00fdch restaurac\u00edch se pod\u00e1vaj\u00ed tradi\u010dn\u00ed v\u00e1no\u010dn\u00ed j\u00eddla, jako je kapr s bramborov\u00fdm sal\u00e1tem, \u0159\u00edzky, houbov\u00e1 \u010di ryb\u00ed pol\u00e9vka, houbov\u00fd kuba, vinn\u00e1 klob\u00e1sa a samoz\u0159ejm\u011b spousta sladk\u00e9ho.M\u016f\u017eete spojit z\u00e1\u017eitek horsk\u00fdch V\u00e1noc se zimn\u00edmi sporty, pokud jste fanou\u0161ci ly\u017eov\u00e1n\u00ed, snowboardingu nebo b\u011b\u017ekov\u00e1n\u00ed. Tak\u00e9 si m\u016f\u017eete u\u017e\u00edvat kr\u00e1sn\u00e9 p\u0159\u00edrody ve form\u011b proch\u00e1zek, objevovat kr\u00e1sy nov\u00e9ho m\u011bsta a ud\u011blat ze sv\u00fdch V\u00e1noc z\u00e1\u017eitek, na kter\u00fd nikdy nezapomenete.                                                                                                                                                                                                                                                                                                                                                                                          4\/5 - (11 votes)        About devene"},{"@context":"https:\/\/schema.org\/","@type":"BreadcrumbList","itemListElement":[{"@type":"ListItem","position":1,"name":"U\u017eijte si V\u00e1noce jinak &#8211; na hor\u00e1ch!","item":"https:\/\/www.mfeigl.cz\/uzijte-si-vanoce-jinak-na-horach\/#breadcrumbitem"}]}]