[{"@context":"https:\/\/schema.org\/","@type":"Article","@id":"https:\/\/www.mfeigl.cz\/zajem-o-znamky\/#Article","mainEntityOfPage":"https:\/\/www.mfeigl.cz\/zajem-o-znamky\/","headline":"Z\u00e1jem o zn\u00e1mky","name":"Z\u00e1jem o zn\u00e1mky","description":"V\u017edycky jsem cht\u011bla b\u00fdt v takov\u00e9 spole\u010dnosti, kde mi bude nejl\u00e9pe a kde budou m\u00edt tak\u00e9 v\u0161ichni stejn\u00e9 z\u00e1jmy anebo z\u00e1liby anebo alespo\u0148 podobn\u00e9 z\u00e1liby. J\u00e1 jsem toti\u017e filatelista, sb\u00edr\u00e1m zn\u00e1mky, a to u\u017e opravdu hodn\u011b dlouho. Prvn\u00ed zn\u00e1mku jsem dostala asi ve sv\u00fdch dev\u00edti\u00a0letech, sice si to neple\u0165te se\u00a0seznamku ve \u0161kole. Tohle tedy v\u016fbec ne, proto\u017ee kdy\u017e n\u011bkomu \u0159eknu, \u017ee\u00a0jsem dostala prvn\u00ed\u00a0zn\u00e1mku, tak v\u0161ichni mi \u0159\u00edkaj\u00ed, \u017ee ihned v prvn\u00ed t\u0159\u00edd\u011b, \u017ee je to klasika. Jenom\u017ee oni si v\u017edycky mysl\u00ed takov\u00e9 to typick\u00e9 zn\u00e1mkov\u00e1n\u00ed ve \u0161kole, a to hlavn\u011b t\u0159eba v prvn\u00ed t\u0159\u00edd\u011b, kdy v\u0161ichni prv\u0148\u00e1\u010dci dost\u00e1vaj\u00ed hlavn\u011b sam\u00e9","datePublished":"2023-08-05","dateModified":"2023-08-05","author":{"@type":"Person","@id":"https:\/\/www.mfeigl.cz\/author\/#Person","name":"","url":"https:\/\/www.mfeigl.cz\/author\/","identifier":1,"image":{"@type":"ImageObject","@id":"https:\/\/secure.gravatar.com\/avatar\/4c052e7a73c1efe5fd04a7144e27996a074b623217a764a72d90cb6a084de021?s=96&d=mm&r=g","url":"https:\/\/secure.gravatar.com\/avatar\/4c052e7a73c1efe5fd04a7144e27996a074b623217a764a72d90cb6a084de021?s=96&d=mm&r=g","height":96,"width":96}},"publisher":{"@type":"Organization","name":"mfeigl.cz","logo":{"@type":"ImageObject","@id":"\/logo.png","url":"\/logo.png","width":600,"height":60}},"image":{"@type":"ImageObject","@id":"https:\/\/www.mfeigl.cz\/wp-content\/uploads\/people-3828590_1280_1.jpg","url":"https:\/\/www.mfeigl.cz\/wp-content\/uploads\/people-3828590_1280_1.jpg","height":0,"width":0},"url":"https:\/\/www.mfeigl.cz\/zajem-o-znamky\/","about":["Spole\u010dnost"],"wordCount":434,"articleBody":"V\u017edycky jsem cht\u011bla b\u00fdt v takov\u00e9 spole\u010dnosti, kde mi bude nejl\u00e9pe a kde budou m\u00edt tak\u00e9 v\u0161ichni stejn\u00e9 z\u00e1jmy anebo z\u00e1liby anebo alespo\u0148 podobn\u00e9 z\u00e1liby. J\u00e1 jsem toti\u017e filatelista, sb\u00edr\u00e1m zn\u00e1mky, a to u\u017e opravdu hodn\u011b dlouho. Prvn\u00ed zn\u00e1mku jsem dostala asi ve sv\u00fdch dev\u00edti\u00a0letech, sice si to neple\u0165te se\u00a0seznamku ve \u0161kole. Tohle tedy v\u016fbec ne, proto\u017ee kdy\u017e n\u011bkomu \u0159eknu, \u017ee\u00a0jsem dostala prvn\u00ed\u00a0zn\u00e1mku, tak v\u0161ichni mi \u0159\u00edkaj\u00ed, \u017ee ihned v prvn\u00ed t\u0159\u00edd\u011b, \u017ee je to klasika. Jenom\u017ee oni si v\u017edycky mysl\u00ed takov\u00e9 to typick\u00e9 zn\u00e1mkov\u00e1n\u00ed ve \u0161kole, a to hlavn\u011b t\u0159eba v prvn\u00ed t\u0159\u00edd\u011b, kdy v\u0161ichni prv\u0148\u00e1\u010dci dost\u00e1vaj\u00ed hlavn\u011b sam\u00e9 jedni\u010dky.Proto, kdy\u017e jim potom \u0159eknu, \u017ee j\u00e1 jsem filatelista a \u017ee sb\u00edr\u00e1m zn\u00e1mky a moc m\u011b to bav\u00ed, tak ka\u017ed\u00fd kouk\u00e1, \u017ee j\u00e1 \u017eena, vlastn\u011b d\u00edvka, v takhle mal\u00e9m v\u011bku jsem u\u017e sb\u00edrala zn\u00e1mky a \u017ee m\u011b to moc bavilo a \u0159eknu v\u00e1m, \u017ee to pro m\u011b byla opravdu velik\u00e1 z\u00e1bava. A nyn\u00ed, i kdy\u017e mi je u\u017e p\u011btadvacet let, tak st\u00e1le sb\u00edr\u00e1m zn\u00e1mky. V\u00e1\u017en\u011b m\u011b to bav\u00ed, dokonce jsem se tak\u00e9 dozv\u011bd\u011bla, \u017ee m\u00e1m jednu\u00a0zn\u00e1mku, kter\u00e1\u00a0je opravdu velice vz\u00e1cn\u00e1, pr\u00fd m\u00e1 hodnotu sedmn\u00e1ct tis\u00edc\u00a0korun. Kdy\u017e jsem tohle sly\u0161ela, tak jsem m\u00e1lem omdlela.Byla jsem opravdu p\u0159ekvapen\u00e1, \u017ee m\u00e1m tak kvalitn\u00ed zn\u00e1mky. Sice ano, v\u011bnuji se tomu u\u017e opravdu hodn\u011b dlouho, ale ne zase takhle dopodrobna a \u017ee bych znala \u00fapln\u011b ka\u017edou cenu\u00a0zn\u00e1mky na dopis. A\u00a0ta zn\u00e1mka je t\u00e9m\u011b\u0159 nov\u00e1. Proto jsem r\u00e1da \u017ee je takov\u00e1 spole\u010dnost lid\u00ed, kde se mohu pohybovat, kde tak\u00e9 sb\u00edraj\u00ed zn\u00e1mky, a proto\u017ee zn\u00e1m jednu\u00a0spole\u010dnost,\u00a0kde jsou filatelist\u00e9, tak tam chod\u00edm t\u00e9m\u011b\u0159 ka\u017ed\u00fd den. Anebo ob den, proto\u017ee tam je opravdu skv\u011bl\u00e1 spole\u010dnost lid\u00ed, kte\u0159\u00ed maj\u00ed stejn\u00e9 z\u00e1jmy, a tak si kolikr\u00e1t tak\u00e9 pov\u00edd\u00e1me o zn\u00e1mk\u00e1ch a nebo si n\u011bjak\u00e9 p\u011bkn\u00e9 filatelistick\u00e9 zn\u00e1mky vym\u011b\u0148ujeme. A tady je pr\u00e1v\u011b nejv\u00edce skv\u011bl\u00e9. To, \u017ee lid\u00e9, kdy\u017e jsou v takov\u00e9 spole\u010dnosti, kde maj\u00ed stejn\u00e9 z\u00e1liby, tak se tam potom tak\u00e9 t\u011b\u0161\u00ed a tak\u00e9 potom lid\u00e9 trp\u00ed m\u00e9n\u011b psychick\u00fdmi pot\u00ed\u017eemi.\u00a0                                                                                                                                                                                                                                                                                                                                                                                        3.6\/5 - (11 votes)        About devene"},{"@context":"https:\/\/schema.org\/","@type":"BreadcrumbList","itemListElement":[{"@type":"ListItem","position":1,"name":"Z\u00e1jem o zn\u00e1mky","item":"https:\/\/www.mfeigl.cz\/zajem-o-znamky\/#breadcrumbitem"}]}]